[{"@context":"https:\/\/schema.org\/","@type":"Article","@id":"https:\/\/www.istima.cz\/nechejte-vymysleni-oslavy-na-nekom-jinem\/#Article","mainEntityOfPage":"https:\/\/www.istima.cz\/nechejte-vymysleni-oslavy-na-nekom-jinem\/","headline":"Nechejte vym\u00fd\u0161len\u00ed oslavy na n\u011bkom jin\u00e9m","name":"Nechejte vym\u00fd\u0161len\u00ed oslavy na n\u011bkom jin\u00e9m","description":"Tr\u00e1p\u00ed v\u00e1s v\u00e1\u0161 p\u0159\u00edtel, kter\u00fd m\u00e1 narozeniny a vy nev\u00edte, jak\u00e9 p\u0159ekvapen\u00ed byste mu dop\u0159\u00e1li? Jestli\u017ee ano, pak nic nevym\u00fd\u0161lejte, ale nechte oslava narozenin n\u00e1pady na n\u011bkom zcela jin\u00e9m. Uvid\u00edte, \u017ee tato realizace pro v\u00e1s bude nejenom nejpohodln\u011bj\u0161\u00ed, ale tak\u00e9 nejlep\u0161\u00ed. Obr\u00e1t\u00edte se toti\u017e na osobu, kter\u00e1 m\u00e1 v t\u00e9to oblasti bohat\u00e9 zku\u0161enosti, a tak v\u00e1m m\u016f\u017ee pomoc\u00ed ze v\u0161eho &hellip; ","datePublished":"2024-04-26","dateModified":"2024-04-26","author":{"@type":"Person","@id":"https:\/\/www.istima.cz\/author\/devene\/#Person","name":"devene","url":"https:\/\/www.istima.cz\/author\/devene\/","identifier":1,"image":{"@type":"ImageObject","@id":"https:\/\/secure.gravatar.com\/avatar\/1aa4d33840e2afc29128e2a456d425ca0d17b173c888af2db652b1d34fe6f93d?s=96&d=mm&r=g","url":"https:\/\/secure.gravatar.com\/avatar\/1aa4d33840e2afc29128e2a456d425ca0d17b173c888af2db652b1d34fe6f93d?s=96&d=mm&r=g","height":96,"width":96}},"publisher":{"@type":"Organization","name":"istima.cz","logo":{"@type":"ImageObject","@id":"\/logo.png","url":"\/logo.png","width":600,"height":60}},"url":"https:\/\/www.istima.cz\/nechejte-vymysleni-oslavy-na-nekom-jinem\/","wordCount":251,"articleBody":"Tr\u00e1p\u00ed v\u00e1s v\u00e1\u0161 p\u0159\u00edtel, kter\u00fd m\u00e1 narozeniny a vy nev\u00edte, jak\u00e9 p\u0159ekvapen\u00ed byste mu dop\u0159\u00e1li? Jestli\u017ee ano, pak nic nevym\u00fd\u0161lejte, ale nechte oslava narozenin n\u00e1pady na n\u011bkom zcela jin\u00e9m. Uvid\u00edte, \u017ee tato realizace pro v\u00e1s bude nejenom nejpohodln\u011bj\u0161\u00ed, ale tak\u00e9 nejlep\u0161\u00ed. Obr\u00e1t\u00edte se toti\u017e na osobu, kter\u00e1 m\u00e1 v t\u00e9to oblasti bohat\u00e9 zku\u0161enosti, a tak v\u00e1m m\u016f\u017ee pomoc\u00ed ze v\u0161eho nejl\u00e9pe. P\u0159esv\u011bd\u010dte se tedy i vy o tom, \u017ee tato v\u00fdjime\u010dn\u00e1 ud\u00e1lost ml\u017ee b\u00fdt vy\u0159e\u0161ena i velmi stylov\u011b. Je to pro v\u00e1s n\u011bco, co v\u00e1m u\u0161et\u0159\u00ed spoustu \u010dasu a tak\u00e9 va\u0161ich starost\u00ed, nebo\u0165 v\u0161e bude vymy\u0161len\u00e9.\tTo nejlep\u0161\u00ed, co si m\u016f\u017eete p\u0159\u00e1tKdy\u017e se obr\u00e1t\u00edte pr\u00e1v\u011b na tohoto odborn\u00edka, budete m\u00edt nejenom jistotu toho, \u017ee cel\u00e1 tato ud\u00e1lost se bude vyv\u00edjet tak, jak jste si p\u0159\u00e1li, ale je\u0161t\u011b k tomu budete nad\u0161eni z p\u0159\u00e1tel, kte\u0159\u00ed se budou bavit zcela stejn\u00fdm zp\u016fsobem. M\u016f\u017eete m\u00edt prost\u011b klid a pohodu na du\u0161i zat\u00edmco se budete starat o n\u011bco zcela jin\u00e9ho. Uvid\u00edte, \u017ee tato ud\u00e1lost se poda\u0159\u00ed a \u017ee budete se slu\u017ebami profesion\u00e1ln\u00edho moder\u00e1tora zcela spokojeni. Proto na nic ne\u010dekejte, ale ud\u011blejte skv\u011bl\u00e9 rozhodnut\u00ed.                                                                                                                                                                                                                                                                                                                                                                                        3.7\/5 - (7 votes)        "},{"@context":"https:\/\/schema.org\/","@type":"BreadcrumbList","itemListElement":[{"@type":"ListItem","position":1,"name":"Nechejte vym\u00fd\u0161len\u00ed oslavy na n\u011bkom jin\u00e9m","item":"https:\/\/www.istima.cz\/nechejte-vymysleni-oslavy-na-nekom-jinem\/#breadcrumbitem"}]}]