[{"@context":"https:\/\/schema.org\/","@type":"Article","@id":"https:\/\/www.istima.cz\/proc-mit-sprchu-jen-v-koupelne\/#Article","mainEntityOfPage":"https:\/\/www.istima.cz\/proc-mit-sprchu-jen-v-koupelne\/","headline":"Pro\u010d m\u00edt sprchu jen v koupeln\u011b?","name":"Pro\u010d m\u00edt sprchu jen v koupeln\u011b?","description":"V na\u0161ich koupeln\u00e1ch u\u017e nar\u00e1\u017e\u00edme na za\u0159\u00edzen\u00ed jm\u00e9nem sprcha v\u00edce ne\u017e \u010dasto. Je to u\u017e natolik b\u011b\u017en\u00e1 sou\u010d\u00e1st t\u011bchto m\u00edstnost\u00ed, \u017ee by bylo sp\u00ed\u0161e s podivem, kdyby se tam tato nevyskytovala. Proto\u017ee se tam jist\u011b d\u00e1 spokojit i s pouhou vanou nebo umyvadlem, jen\u017ee sprcha sk\u00fdt\u00e1 p\u0159ece jenom nejednu p\u0159ednost. Nam\u00e1tkou se d\u00edky n\u00ed t\u0159eba spot\u0159ebov\u00e1v\u00e1 m\u00e9n\u011b vody, co\u017e je &hellip; ","datePublished":"2019-07-26","dateModified":"2023-04-30","author":{"@type":"Person","@id":"https:\/\/www.istima.cz\/author\/devene\/#Person","name":"devene","url":"https:\/\/www.istima.cz\/author\/devene\/","identifier":1,"image":{"@type":"ImageObject","@id":"https:\/\/secure.gravatar.com\/avatar\/1aa4d33840e2afc29128e2a456d425ca0d17b173c888af2db652b1d34fe6f93d?s=96&d=mm&r=g","url":"https:\/\/secure.gravatar.com\/avatar\/1aa4d33840e2afc29128e2a456d425ca0d17b173c888af2db652b1d34fe6f93d?s=96&d=mm&r=g","height":96,"width":96}},"publisher":{"@type":"Organization","name":"istima.cz","logo":{"@type":"ImageObject","@id":"\/logo.png","url":"\/logo.png","width":600,"height":60}},"image":{"@type":"ImageObject","@id":"https:\/\/www.istima.cz\/wp-content\/uploads\/img_a359507_w1781_t1573396827.jpg","url":"https:\/\/www.istima.cz\/wp-content\/uploads\/img_a359507_w1781_t1573396827.jpg","height":0,"width":0},"url":"https:\/\/www.istima.cz\/proc-mit-sprchu-jen-v-koupelne\/","about":["Zahrada a d\u016fm"],"wordCount":449,"articleBody":"       V na\u0161ich koupeln\u00e1ch u\u017e nar\u00e1\u017e\u00edme na za\u0159\u00edzen\u00ed jm\u00e9nem sprcha v\u00edce ne\u017e \u010dasto. Je to u\u017e natolik b\u011b\u017en\u00e1 sou\u010d\u00e1st t\u011bchto m\u00edstnost\u00ed, \u017ee by bylo sp\u00ed\u0161e s podivem, kdyby se tam tato nevyskytovala. Proto\u017ee se tam jist\u011b d\u00e1 spokojit i s pouhou vanou nebo umyvadlem, jen\u017ee sprcha sk\u00fdt\u00e1 p\u0159ece jenom nejednu p\u0159ednost. Nam\u00e1tkou se d\u00edky n\u00ed t\u0159eba spot\u0159ebov\u00e1v\u00e1 m\u00e9n\u011b vody, co\u017e je dost podstatn\u00e9 pro pen\u011b\u017eenku kohokoliv z n\u00e1s.Ale m\u00edt sprchu pod \u0161ir\u00fdm nebem? To u n\u00e1s po\u0159\u00e1d je\u0161t\u011b zase a\u017e tak velkou tradici nem\u00e1. Venku b\u00fdv\u00e1me daleko sp\u00ed\u0161e r\u00e1di, kdy\u017e se n\u00e1m na hlavu nesn\u00e1\u0161ej\u00ed \u017e\u00e1dn\u00e9 (m\u00edn\u011bno de\u0161\u0165ov\u00e9) kapky, ne\u017e abychom si tam je\u0161t\u011b po\u0159izovali sprchu.Ov\u0161em doby se m\u011bn\u00ed a nejeden z na\u0161inc\u016f u\u017e proz\u0159el. A uv\u011bdomil si, \u017ee ani takov\u00e1 venkovn\u00ed sprcha nemus\u00ed b\u00fdt v\u016fbec na \u0161kodu. A vy neznal\u00ed se hned nepohor\u0161ujte, proto\u017ee se nejedn\u00e1 nebo aspo\u0148 nemus\u00ed jednat o v\u00fdmysl ur\u010den\u00fd n\u011bjak\u00fdm pochybn\u00fdm exhibicionist\u016fm, tou\u017e\u00edc\u00edm se ukazovat ve\u0159ejnosti pod takovou sprchou v rou\u0161e Adamov\u011b.Takov\u00e1 venkovn\u00ed sprcha m\u016f\u017ee m\u00edt toti\u017e svoje nepopirateln\u00e9 p\u0159ednosti. Takov\u00e1 sol\u00e1rn\u00ed zahradn\u00ed sprcham\u016f\u017ee b\u00fdt v\u00edce ne\u017e u\u017eite\u010dn\u00fdm pomocn\u00edkem ka\u017ed\u00e9ho z n\u00e1s. Ov\u0161em pochopiteln\u011b jedin\u011b v p\u0159\u00edhodn\u00fdch podm\u00ednk\u00e1ch.Je toti\u017e t\u0159eba m\u00edt v prvn\u00ed \u0159ad\u011b n\u011bjak\u00fd ten pozemek a na n\u011bm aspo\u0148 jedno zpevn\u011bn\u00e9 m\u00edsto, kam by se dala postavit http:\/\/www.asistentpedagoga.cz\/kvalifikacni-predpoklady  Pak je t\u0159eba m\u00edt i zdroj vody, k n\u011bmu\u017e by ji bylo mo\u017en\u00e9 p\u0159ipojit. A nakonec je t\u0159eba m\u00edt i slunce na obloze, kter\u00e9 vodu v takov\u00e9 spr\u0161e oh\u0159eje, a to pochopiteln\u011b zdarma.Kdo m\u00e1 tyto p\u0159edpoklady, m\u016f\u017ee si podobn\u00e9 za\u0159\u00edzen\u00ed po\u0159\u00eddit. Je tu na v\u00fdb\u011br z cel\u00e9 \u0159ady druh\u016f, ka\u017ed\u00fd si tak m\u016f\u017ee p\u0159ij\u00edt na sv\u00e9, a rozhodn\u011b nehroz\u00ed, \u017ee by takov\u00e1 koup\u011b mohla n\u011bkoho finan\u010dn\u011b zruinovat.A pak u\u017e sta\u010d\u00ed tuto sprchu jenom smontovat, um\u00edstit na vhodn\u00e9 sluncem oz\u00e1\u0159en\u00e9 m\u00edsto, p\u0159ipojit ke zdroji vody a po\u010dkat, a\u017e se voda oh\u0159eje. A r\u00e1zem m\u00e1 \u010dlov\u011bk nejen v dom\u011b, ale i na zahrad\u011b n\u011bco, co stoprocentn\u011b ocen\u00ed, jakmile venku za\u010dnou panovat nesnesiteln\u00e1 vedra.V\u0161ak v l\u00e9t\u011b uvid\u00edte.                                                                                                                                                                                                                                                                                                                                                                                          4.3\/5 - (9 votes)        "},{"@context":"https:\/\/schema.org\/","@type":"BreadcrumbList","itemListElement":[{"@type":"ListItem","position":1,"name":"Pro\u010d m\u00edt sprchu jen v koupeln\u011b?","item":"https:\/\/www.istima.cz\/proc-mit-sprchu-jen-v-koupelne\/#breadcrumbitem"}]}]