[{"@context":"https:\/\/schema.org\/","@type":"Article","@id":"https:\/\/www.istima.cz\/uvazujete-o-zapujceni-vozu\/#Article","mainEntityOfPage":"https:\/\/www.istima.cz\/uvazujete-o-zapujceni-vozu\/","headline":"Uva\u017eujete o zap\u016fj\u010den\u00ed vozu?","name":"Uva\u017eujete o zap\u016fj\u010den\u00ed vozu?","description":"Uva\u017eujete-li o zap\u016fj\u010den\u00ed vozu, m\u011bli byste nav\u0161t\u00edvit na\u0161i autop\u016fj\u010dovnu. Jsme autop\u016fj\u010dovna mlad\u00e1, ale ka\u017ed\u00fdm dnem se rozv\u00edj\u00edme. Ji\u017e dnes pat\u0159\u00edme k nejv\u011bt\u0161\u00edm autop\u016fj\u010dovn\u00e1m v \u010cR. A to jsme byli zalo\u017eeni v roce 2008. Jsme modern\u00ed a na rozd\u00edl od na\u0161\u00ed konkurence nejsme p\u0159ehnan\u011b majetni\u010dt\u00ed. Proto jsou na\u0161e ceny nejni\u017e\u0161\u00ed v republice. M\u00e1te z\u00e1jem nechat si p\u0159istavit v\u016fz? Nen\u00ed to pro &hellip; ","datePublished":"2025-04-29","dateModified":"2025-04-29","author":{"@type":"Person","@id":"https:\/\/www.istima.cz\/author\/devene\/#Person","name":"devene","url":"https:\/\/www.istima.cz\/author\/devene\/","identifier":1,"image":{"@type":"ImageObject","@id":"https:\/\/secure.gravatar.com\/avatar\/1aa4d33840e2afc29128e2a456d425ca0d17b173c888af2db652b1d34fe6f93d?s=96&d=mm&r=g","url":"https:\/\/secure.gravatar.com\/avatar\/1aa4d33840e2afc29128e2a456d425ca0d17b173c888af2db652b1d34fe6f93d?s=96&d=mm&r=g","height":96,"width":96}},"publisher":{"@type":"Organization","name":"istima.cz","logo":{"@type":"ImageObject","@id":"\/logo.png","url":"\/logo.png","width":600,"height":60}},"url":"https:\/\/www.istima.cz\/uvazujete-o-zapujceni-vozu\/","wordCount":177,"articleBody":"Uva\u017eujete-li o zap\u016fj\u010den\u00ed vozu, m\u011bli byste nav\u0161t\u00edvit na\u0161i autop\u016fj\u010dovnu. Jsme autop\u016fj\u010dovna mlad\u00e1, ale ka\u017ed\u00fdm dnem se rozv\u00edj\u00edme. Ji\u017e dnes pat\u0159\u00edme k nejv\u011bt\u0161\u00edm autop\u016fj\u010dovn\u00e1m v \u010cR. A to jsme byli zalo\u017eeni v roce 2008. Jsme modern\u00ed a na rozd\u00edl od na\u0161\u00ed konkurence nejsme p\u0159ehnan\u011b majetni\u010dt\u00ed. Proto jsou na\u0161e ceny nejni\u017e\u0161\u00ed v republice. M\u00e1te z\u00e1jem nechat si p\u0159istavit v\u016fz? Nen\u00ed to pro n\u00e1s \u017e\u00e1dn\u00fd probl\u00e9m. P\u0159edem n\u00e1m dejte informace kde a kdy pot\u0159ebujete m\u00edt v\u016fz p\u0159istaven a zbytek ji\u017e za\u0159\u00edd\u00edme my. Na\u0161e autop\u016fj\u010dovna se o sv\u00e9 klienty n\u00e1le\u017eit\u011b star\u00e1. Jsme tak\u00e9 jedinou autop\u016fj\u010dovnou v zemi, kter\u00e1 m\u00e1 neomezenou otev\u00edrac\u00ed dobu. M\u016f\u017eete se k n\u00e1m stavit kdykoliv. Kvalitn\u00ed servis Na\u0161e autop\u016fj\u010dovna m\u00e1 prvot\u0159\u00eddn\u00ed technick\u00fd servis. Proto jsou na\u0161e vozidla v tak dokonal\u00e9m technick\u00e9m stavu.                                                                                                                                                                                                                                                                                                                                                                                                "},{"@context":"https:\/\/schema.org\/","@type":"BreadcrumbList","itemListElement":[{"@type":"ListItem","position":1,"name":"Uva\u017eujete o zap\u016fj\u010den\u00ed vozu?","item":"https:\/\/www.istima.cz\/uvazujete-o-zapujceni-vozu\/#breadcrumbitem"}]}]