[{"@context":"https:\/\/schema.org\/","@type":"Article","@id":"https:\/\/www.istima.cz\/uz-mate-bazen\/#Article","mainEntityOfPage":"https:\/\/www.istima.cz\/uz-mate-bazen\/","headline":"U\u017e m\u00e1te baz\u00e9n?","name":"U\u017e m\u00e1te baz\u00e9n?","description":"Je holou pravdou, \u017ee v\u011bt\u0161ina z na\u0161ich lid\u00ed tou\u017e\u00ed od podzimu a\u017e do jara po l\u00e9t\u011b. V\u0161ichni u\u017e se t\u011b\u0161\u00ed, a\u017e pomine ona tu nep\u0159\u00edjemn\u00e1 a tu sprost\u00e1 zima a bude zase teplo. Jen\u017ee kdy\u017e pak l\u00e9to skute\u010dn\u011b nadejde, kdekdo z t\u011bch zm\u00edn\u011bn\u00fdch i nezm\u00edn\u011bn\u00fdch zm\u011bn\u00ed n\u00e1zor. A za\u010dne prokl\u00ednat ona vedra a tou\u017eit po chladu a nejl\u00e9pe i vysloven\u00e9 &hellip; ","datePublished":"2022-07-15","dateModified":"2023-04-30","author":{"@type":"Person","@id":"https:\/\/www.istima.cz\/author\/devene\/#Person","name":"devene","url":"https:\/\/www.istima.cz\/author\/devene\/","identifier":1,"image":{"@type":"ImageObject","@id":"https:\/\/secure.gravatar.com\/avatar\/1aa4d33840e2afc29128e2a456d425ca0d17b173c888af2db652b1d34fe6f93d?s=96&d=mm&r=g","url":"https:\/\/secure.gravatar.com\/avatar\/1aa4d33840e2afc29128e2a456d425ca0d17b173c888af2db652b1d34fe6f93d?s=96&d=mm&r=g","height":96,"width":96}},"publisher":{"@type":"Organization","name":"istima.cz","logo":{"@type":"ImageObject","@id":"\/logo.png","url":"\/logo.png","width":600,"height":60}},"image":{"@type":"ImageObject","@id":"https:\/\/www.istima.cz\/wp-content\/uploads\/modr%C3%A1%20voda.jpg","url":"https:\/\/www.istima.cz\/wp-content\/uploads\/modr%C3%A1%20voda.jpg","height":0,"width":0},"url":"https:\/\/www.istima.cz\/uz-mate-bazen\/","about":["Nakupov\u00e1n\u00ed"],"wordCount":436,"articleBody":"   Je holou pravdou, \u017ee v\u011bt\u0161ina z na\u0161ich lid\u00ed tou\u017e\u00ed od podzimu a\u017e do jara po l\u00e9t\u011b. V\u0161ichni u\u017e se t\u011b\u0161\u00ed, a\u017e pomine ona tu nep\u0159\u00edjemn\u00e1 a tu sprost\u00e1 zima a bude zase teplo. Jen\u017ee kdy\u017e pak l\u00e9to skute\u010dn\u011b nadejde, kdekdo z t\u011bch zm\u00edn\u011bn\u00fdch i nezm\u00edn\u011bn\u00fdch zm\u011bn\u00ed n\u00e1zor. A za\u010dne prokl\u00ednat ona vedra a tou\u017eit po chladu a nejl\u00e9pe i vysloven\u00e9 zim\u011b. Proto\u017ee to se p\u0159ece ned\u00e1 vydr\u017eet.Ale ono se to vlastn\u011b vydr\u017eet d\u00e1. A to i kdy\u017e je tu v l\u00e9t\u011b venku skute\u010dn\u011b p\u0159\u00edmo na padnut\u00ed. A to v p\u0159\u00edpad\u011b, \u017ee m\u00e1 \u010dlov\u011bk baz\u00e9n, ve kter\u00e9m by se mohl podle libosti zchladit, kdykoliv po tom zatou\u017e\u00ed.Pokud m\u00e1te vlastn\u00ed baz\u00e9n, ur\u010dit\u011b mi tuto pravdu potvrd\u00edte. A pokud ho nem\u00e1te, pak ur\u010dit\u011b budete ochotni souhlasit s t\u00edm, \u017ee je to dobr\u00e1 v\u011bc. Proto\u017ee na ve\u0159ejn\u00e9 plov\u00e1rn\u011b b\u00fdv\u00e1 p\u0159es l\u00e9to hlava na hlav\u011b, tak\u017ee si to tam nikdo moc neu\u017eije, a p\u0159\u00edrodn\u00ed vodn\u00ed plochy na tom nejednou nejsou l\u00e9pe, a kdy\u017e se v nich nav\u00edc je\u0161t\u011b p\u0159emno\u017e\u00ed sinice, u\u017e se do toho snad ani ned\u00e1 vl\u00e9zt. Zat\u00edmco m\u00edt sv\u016fj \u010dist\u00fd baz\u00e9n, to je jin\u00e1. Tady se i to nejparn\u011bj\u0161\u00ed l\u00e9to str\u00e1v\u00ed p\u0159\u00edjemn\u011b.A pokud je\u0161t\u011b baz\u00e9n nem\u00e1te, ale tou\u017e\u00edte po n\u011bm, pod\u00edvejte se t\u0159eba na takov\u00e9 kopan\u00e9 baz\u00e9ny. No nen\u00ed to kr\u00e1sa? Nepochybn\u011b je. A sou\u010dasn\u011b je to n\u011bco, co m\u016f\u017ee m\u00edt ka\u017ed\u00fd s aspo\u0148 kouskem pozemku, kde by se takov\u00fd baz\u00e9n mohl nach\u00e1zet. Proto\u017ee baz\u00e9ny nejsou \u017e\u00e1dn\u00e1 nedostupn\u00e1 v\u011bc. Ty prodaj\u00ed kdekoliv komukoliv. Sta\u010d\u00ed si jenom vybrat.A nev\u00edm, jak byste si vybrali jmenovit\u011b vy, ale j\u00e1 bych si vybral to, co mi nejl\u00e9pe vyhov\u00ed. A pak u\u017e bych se nikdy nemusel v l\u00e9t\u011b potit a prokl\u00ednat to nesnesiteln\u00e9 vedro, kter\u00e9 u n\u00e1s \u010dasto panuje. A kter\u00e9 m\u016f\u017ee b\u00fdt i k nevydr\u017een\u00ed. Ale v baz\u00e9nu se to zvl\u00e1dne. Zejm\u00e9na pokud je takov\u00fd baz\u00e9n od dodavatele, kter\u00e9mu se d\u00e1 zaru\u010den\u011b d\u016fv\u011b\u0159ovat, kter\u00fd \u010dlov\u011bku prod\u00e1 jedin\u011b kvalitu za p\u0159\u00edznivou cenu a pak tak\u00e9 zajist\u00ed ve\u0161ker\u00fd servis, kter\u00fd se k t\u00e9to z\u00e1le\u017eitosti vztahuje.                                                                                                                                                                                                                                                                                                                                                                                          4.6\/5 - (5 votes)        "},{"@context":"https:\/\/schema.org\/","@type":"BreadcrumbList","itemListElement":[{"@type":"ListItem","position":1,"name":"U\u017e m\u00e1te baz\u00e9n?","item":"https:\/\/www.istima.cz\/uz-mate-bazen\/#breadcrumbitem"}]}]