{"@context":"https:\/\/schema.org\/","@type":"CollectionPage","@id":"https:\/\/www.istima.cz\/vzdelani\/#CollectionPage","headline":"Vzd\u011bl\u00e1n\u00ed Category","description":"","url":"https:\/\/www.istima.cz\/vzdelani\/","hasPart":[{"@type":"Article","@id":"https:\/\/www.istima.cz\/je-poskola-vhodnym-trestem\/","headline":"Je po\u0161kola vhodn\u00fdm trestem?","url":"https:\/\/www.istima.cz\/je-poskola-vhodnym-trestem\/","datePublished":"2024-05-30","dateModified":"2024-05-30","mainEntityOfPage":"https:\/\/www.istima.cz\/je-poskola-vhodnym-trestem\/","author":{"@type":"Person","@id":"https:\/\/www.istima.cz\/author\/devene\/#Person","name":"devene","url":"https:\/\/www.istima.cz\/author\/devene\/","identifier":1,"image":{"@type":"ImageObject","@id":"https:\/\/secure.gravatar.com\/avatar\/1aa4d33840e2afc29128e2a456d425ca0d17b173c888af2db652b1d34fe6f93d?s=96&d=mm&r=g","url":"https:\/\/secure.gravatar.com\/avatar\/1aa4d33840e2afc29128e2a456d425ca0d17b173c888af2db652b1d34fe6f93d?s=96&d=mm&r=g","height":96,"width":96}},"publisher":{"@type":"Organization","name":"istima.cz","logo":{"@type":"ImageObject","@id":"\/logo.png","url":"\/logo.png","width":600,"height":60}},"image":{"@type":"ImageObject","@id":"https:\/\/www.istima.cz\/wp-content\/uploads\/skola1_10_10_10_1.jpg","url":"https:\/\/www.istima.cz\/wp-content\/uploads\/skola1_10_10_10_1.jpg","height":0,"width":0},"keywords":null},{"@type":"Article","@id":"https:\/\/www.istima.cz\/dalsi-vzdelavani-po-ukonceni-stredni-skoly\/","headline":"Dal\u0161\u00ed vzd\u011bl\u00e1v\u00e1n\u00ed po ukon\u010den\u00ed st\u0159edn\u00ed \u0161koly","url":"https:\/\/www.istima.cz\/dalsi-vzdelavani-po-ukonceni-stredni-skoly\/","datePublished":"2022-09-30","dateModified":"2022-09-30","mainEntityOfPage":"https:\/\/www.istima.cz\/dalsi-vzdelavani-po-ukonceni-stredni-skoly\/","author":{"@type":"Person","@id":"https:\/\/www.istima.cz\/author\/devene\/#Person","name":"devene","url":"https:\/\/www.istima.cz\/author\/devene\/","identifier":1,"image":{"@type":"ImageObject","@id":"https:\/\/secure.gravatar.com\/avatar\/1aa4d33840e2afc29128e2a456d425ca0d17b173c888af2db652b1d34fe6f93d?s=96&d=mm&r=g","url":"https:\/\/secure.gravatar.com\/avatar\/1aa4d33840e2afc29128e2a456d425ca0d17b173c888af2db652b1d34fe6f93d?s=96&d=mm&r=g","height":96,"width":96}},"publisher":{"@type":"Organization","name":"istima.cz","logo":{"@type":"ImageObject","@id":"\/logo.png","url":"\/logo.png","width":600,"height":60}},"image":{"@type":"ImageObject","@id":"https:\/\/www.istima.cz\/wp-content\/uploads\/knih_1.JPG","url":"https:\/\/www.istima.cz\/wp-content\/uploads\/knih_1.JPG","height":0,"width":0},"keywords":null},{"@type":"Article","@id":"https:\/\/www.istima.cz\/vic-nez-lenost\/","headline":"V\u00edc ne\u017e lenost","url":"https:\/\/www.istima.cz\/vic-nez-lenost\/","datePublished":"2020-09-25","dateModified":"2023-04-30","mainEntityOfPage":"https:\/\/www.istima.cz\/vic-nez-lenost\/","author":{"@type":"Person","@id":"https:\/\/www.istima.cz\/author\/devene\/#Person","name":"devene","url":"https:\/\/www.istima.cz\/author\/devene\/","identifier":1,"image":{"@type":"ImageObject","@id":"https:\/\/secure.gravatar.com\/avatar\/1aa4d33840e2afc29128e2a456d425ca0d17b173c888af2db652b1d34fe6f93d?s=96&d=mm&r=g","url":"https:\/\/secure.gravatar.com\/avatar\/1aa4d33840e2afc29128e2a456d425ca0d17b173c888af2db652b1d34fe6f93d?s=96&d=mm&r=g","height":96,"width":96}},"publisher":{"@type":"Organization","name":"istima.cz","logo":{"@type":"ImageObject","@id":"\/logo.png","url":"\/logo.png","width":600,"height":60}},"image":{"@type":"ImageObject","@id":"https:\/\/www.istima.cz\/wp-content\/uploads\/img_a295015_w2007_t1506677540.jpg","url":"https:\/\/www.istima.cz\/wp-content\/uploads\/img_a295015_w2007_t1506677540.jpg","height":0,"width":0},"keywords":null},{"@type":"Article","@id":"https:\/\/www.istima.cz\/vzdelavejte-sve-deti-pomoci-her\/","headline":"Vzd\u011bl\u00e1vejte sv\u00e9 d\u011bti pomoci her","url":"https:\/\/www.istima.cz\/vzdelavejte-sve-deti-pomoci-her\/","datePublished":"2019-06-12","dateModified":"2023-04-30","mainEntityOfPage":"https:\/\/www.istima.cz\/vzdelavejte-sve-deti-pomoci-her\/","author":{"@type":"Person","@id":"https:\/\/www.istima.cz\/author\/devene\/#Person","name":"devene","url":"https:\/\/www.istima.cz\/author\/devene\/","identifier":1,"image":{"@type":"ImageObject","@id":"https:\/\/secure.gravatar.com\/avatar\/1aa4d33840e2afc29128e2a456d425ca0d17b173c888af2db652b1d34fe6f93d?s=96&d=mm&r=g","url":"https:\/\/secure.gravatar.com\/avatar\/1aa4d33840e2afc29128e2a456d425ca0d17b173c888af2db652b1d34fe6f93d?s=96&d=mm&r=g","height":96,"width":96}},"publisher":{"@type":"Organization","name":"istima.cz","logo":{"@type":"ImageObject","@id":"\/logo.png","url":"\/logo.png","width":600,"height":60}},"image":{"@type":"ImageObject","@id":"https:\/\/www.istima.cz\/wp-content\/uploads\/img_a347845_w2424_t1562415384.jpg","url":"https:\/\/www.istima.cz\/wp-content\/uploads\/img_a347845_w2424_t1562415384.jpg","height":0,"width":0},"keywords":null},{"@type":"Article","@id":"https:\/\/www.istima.cz\/luxusni-vybaveni-modernim-pristrojem-i-do-vasi-domacnosti\/","headline":"Luxusn\u00ed vybaven\u00ed modern\u00edm p\u0159\u00edstrojem i do va\u0161\u00ed dom\u00e1cnosti","url":"https:\/\/www.istima.cz\/luxusni-vybaveni-modernim-pristrojem-i-do-vasi-domacnosti\/","datePublished":"2017-05-07","dateModified":"2023-04-30","mainEntityOfPage":"https:\/\/www.istima.cz\/luxusni-vybaveni-modernim-pristrojem-i-do-vasi-domacnosti\/","author":{"@type":"Person","@id":"https:\/\/www.istima.cz\/author\/devene\/#Person","name":"devene","url":"https:\/\/www.istima.cz\/author\/devene\/","identifier":1,"image":{"@type":"ImageObject","@id":"https:\/\/secure.gravatar.com\/avatar\/1aa4d33840e2afc29128e2a456d425ca0d17b173c888af2db652b1d34fe6f93d?s=96&d=mm&r=g","url":"https:\/\/secure.gravatar.com\/avatar\/1aa4d33840e2afc29128e2a456d425ca0d17b173c888af2db652b1d34fe6f93d?s=96&d=mm&r=g","height":96,"width":96}},"publisher":{"@type":"Organization","name":"istima.cz","logo":{"@type":"ImageObject","@id":"\/logo.png","url":"\/logo.png","width":600,"height":60}},"image":{"@type":"ImageObject","@id":"https:\/\/www.istima.cz\/wp-content\/uploads\/img_a288663_w2206_t1499593391.jpg","url":"https:\/\/www.istima.cz\/wp-content\/uploads\/img_a288663_w2206_t1499593391.jpg","height":0,"width":0},"keywords":null}]}