{"@context":"https:\/\/schema.org\/","@type":"CollectionPage","@id":"https:\/\/www.istima.cz\/zahrada-a-dum\/#CollectionPage","headline":"Zahrada a d\u016fm Category","description":"","url":"https:\/\/www.istima.cz\/zahrada-a-dum\/","hasPart":[{"@type":"Article","@id":"https:\/\/www.istima.cz\/co-delat-kdyz-se-zahrada-ulozi-k-zimnimu-spanku\/","headline":"Co d\u011blat, kdy\u017e se zahrada ulo\u017e\u00ed k zimn\u00edmu sp\u00e1nku","url":"https:\/\/www.istima.cz\/co-delat-kdyz-se-zahrada-ulozi-k-zimnimu-spanku\/","datePublished":"2023-04-30","dateModified":"2023-04-30","mainEntityOfPage":"https:\/\/www.istima.cz\/co-delat-kdyz-se-zahrada-ulozi-k-zimnimu-spanku\/","author":{"@type":"Person","@id":"https:\/\/www.istima.cz\/author\/devene\/#Person","name":"devene","url":"https:\/\/www.istima.cz\/author\/devene\/","identifier":1,"image":{"@type":"ImageObject","@id":"https:\/\/secure.gravatar.com\/avatar\/1aa4d33840e2afc29128e2a456d425ca0d17b173c888af2db652b1d34fe6f93d?s=96&d=mm&r=g","url":"https:\/\/secure.gravatar.com\/avatar\/1aa4d33840e2afc29128e2a456d425ca0d17b173c888af2db652b1d34fe6f93d?s=96&d=mm&r=g","height":96,"width":96}},"publisher":{"@type":"Organization","name":"istima.cz","logo":{"@type":"ImageObject","@id":"\/logo.png","url":"\/logo.png","width":600,"height":60}},"image":{"@type":"ImageObject","@id":"https:\/\/www.istima.cz\/wp-content\/uploads\/Zahr%C3%A1dk%C3%A1%C5%99sk%C3%A9%20n%C3%A1%C5%99ad%C3%AD.jpg","url":"https:\/\/www.istima.cz\/wp-content\/uploads\/Zahr%C3%A1dk%C3%A1%C5%99sk%C3%A9%20n%C3%A1%C5%99ad%C3%AD.jpg","height":0,"width":0},"keywords":null},{"@type":"Article","@id":"https:\/\/www.istima.cz\/vyhodna-hypoteka\/","headline":"V\u00fdhodn\u00e1 hypot\u00e9ka","url":"https:\/\/www.istima.cz\/vyhodna-hypoteka\/","datePublished":"2022-10-16","dateModified":"2022-10-16","mainEntityOfPage":"https:\/\/www.istima.cz\/vyhodna-hypoteka\/","author":{"@type":"Person","@id":"https:\/\/www.istima.cz\/author\/devene\/#Person","name":"devene","url":"https:\/\/www.istima.cz\/author\/devene\/","identifier":1,"image":{"@type":"ImageObject","@id":"https:\/\/secure.gravatar.com\/avatar\/1aa4d33840e2afc29128e2a456d425ca0d17b173c888af2db652b1d34fe6f93d?s=96&d=mm&r=g","url":"https:\/\/secure.gravatar.com\/avatar\/1aa4d33840e2afc29128e2a456d425ca0d17b173c888af2db652b1d34fe6f93d?s=96&d=mm&r=g","height":96,"width":96}},"publisher":{"@type":"Organization","name":"istima.cz","logo":{"@type":"ImageObject","@id":"\/logo.png","url":"\/logo.png","width":600,"height":60}},"image":{"@type":"ImageObject","@id":"https:\/\/www.istima.cz\/wp-content\/uploads\/dollar-2584694_960_720.jpg","url":"https:\/\/www.istima.cz\/wp-content\/uploads\/dollar-2584694_960_720.jpg","height":0,"width":0},"keywords":null},{"@type":"Article","@id":"https:\/\/www.istima.cz\/kazdorocni-apalucha-boduje-u-deti-tatinku-a-hlavne-maminek-ktere-maji-tyden-volna\/","headline":"Ka\u017edoro\u010dn\u00ed \u201eAPALUCHA\u201c boduje u d\u011bt\u00ed, tat\u00ednk\u016f a hlavn\u011b maminek, kter\u00e9 maj\u00ed t\u00fdden volna","url":"https:\/\/www.istima.cz\/kazdorocni-apalucha-boduje-u-deti-tatinku-a-hlavne-maminek-ktere-maji-tyden-volna\/","datePublished":"2020-09-19","dateModified":"2023-04-30","mainEntityOfPage":"https:\/\/www.istima.cz\/kazdorocni-apalucha-boduje-u-deti-tatinku-a-hlavne-maminek-ktere-maji-tyden-volna\/","author":{"@type":"Person","@id":"https:\/\/www.istima.cz\/author\/devene\/#Person","name":"devene","url":"https:\/\/www.istima.cz\/author\/devene\/","identifier":1,"image":{"@type":"ImageObject","@id":"https:\/\/secure.gravatar.com\/avatar\/1aa4d33840e2afc29128e2a456d425ca0d17b173c888af2db652b1d34fe6f93d?s=96&d=mm&r=g","url":"https:\/\/secure.gravatar.com\/avatar\/1aa4d33840e2afc29128e2a456d425ca0d17b173c888af2db652b1d34fe6f93d?s=96&d=mm&r=g","height":96,"width":96}},"publisher":{"@type":"Organization","name":"istima.cz","logo":{"@type":"ImageObject","@id":"\/logo.png","url":"\/logo.png","width":600,"height":60}},"image":null,"keywords":null},{"@type":"Article","@id":"https:\/\/www.istima.cz\/kvalita-milostneho-zivota-je-zaklad\/","headline":"Kvalita milostn\u00e9ho \u017eivota je z\u00e1klad","url":"https:\/\/www.istima.cz\/kvalita-milostneho-zivota-je-zaklad\/","datePublished":"2020-09-05","dateModified":"2023-04-30","mainEntityOfPage":"https:\/\/www.istima.cz\/kvalita-milostneho-zivota-je-zaklad\/","author":{"@type":"Person","@id":"https:\/\/www.istima.cz\/author\/devene\/#Person","name":"devene","url":"https:\/\/www.istima.cz\/author\/devene\/","identifier":1,"image":{"@type":"ImageObject","@id":"https:\/\/secure.gravatar.com\/avatar\/1aa4d33840e2afc29128e2a456d425ca0d17b173c888af2db652b1d34fe6f93d?s=96&d=mm&r=g","url":"https:\/\/secure.gravatar.com\/avatar\/1aa4d33840e2afc29128e2a456d425ca0d17b173c888af2db652b1d34fe6f93d?s=96&d=mm&r=g","height":96,"width":96}},"publisher":{"@type":"Organization","name":"istima.cz","logo":{"@type":"ImageObject","@id":"\/logo.png","url":"\/logo.png","width":600,"height":60}},"image":{"@type":"ImageObject","@id":"https:\/\/www.istima.cz\/wp-content\/uploads\/img_a303699_w2408_t1514359495.jpg","url":"https:\/\/www.istima.cz\/wp-content\/uploads\/img_a303699_w2408_t1514359495.jpg","height":0,"width":0},"keywords":null},{"@type":"Article","@id":"https:\/\/www.istima.cz\/mobilni-drevostavby-jsou-pro-kazdeho-kazdy-si-vybere\/","headline":"Mobiln\u00ed d\u0159evostavby jsou pro ka\u017ed\u00e9ho \u2013 ka\u017ed\u00fd si vybere","url":"https:\/\/www.istima.cz\/mobilni-drevostavby-jsou-pro-kazdeho-kazdy-si-vybere\/","datePublished":"2019-09-01","dateModified":"2023-04-30","mainEntityOfPage":"https:\/\/www.istima.cz\/mobilni-drevostavby-jsou-pro-kazdeho-kazdy-si-vybere\/","author":{"@type":"Person","@id":"https:\/\/www.istima.cz\/author\/devene\/#Person","name":"devene","url":"https:\/\/www.istima.cz\/author\/devene\/","identifier":1,"image":{"@type":"ImageObject","@id":"https:\/\/secure.gravatar.com\/avatar\/1aa4d33840e2afc29128e2a456d425ca0d17b173c888af2db652b1d34fe6f93d?s=96&d=mm&r=g","url":"https:\/\/secure.gravatar.com\/avatar\/1aa4d33840e2afc29128e2a456d425ca0d17b173c888af2db652b1d34fe6f93d?s=96&d=mm&r=g","height":96,"width":96}},"publisher":{"@type":"Organization","name":"istima.cz","logo":{"@type":"ImageObject","@id":"\/logo.png","url":"\/logo.png","width":600,"height":60}},"image":{"@type":"ImageObject","@id":"https:\/\/www.istima.cz\/wp-content\/uploads\/img_a362259_w1711_t1575278328.jpg","url":"https:\/\/www.istima.cz\/wp-content\/uploads\/img_a362259_w1711_t1575278328.jpg","height":0,"width":0},"keywords":null},{"@type":"Article","@id":"https:\/\/www.istima.cz\/proc-mit-sprchu-jen-v-koupelne\/","headline":"Pro\u010d m\u00edt sprchu jen v koupeln\u011b?","url":"https:\/\/www.istima.cz\/proc-mit-sprchu-jen-v-koupelne\/","datePublished":"2019-07-26","dateModified":"2023-04-30","mainEntityOfPage":"https:\/\/www.istima.cz\/proc-mit-sprchu-jen-v-koupelne\/","author":{"@type":"Person","@id":"https:\/\/www.istima.cz\/author\/devene\/#Person","name":"devene","url":"https:\/\/www.istima.cz\/author\/devene\/","identifier":1,"image":{"@type":"ImageObject","@id":"https:\/\/secure.gravatar.com\/avatar\/1aa4d33840e2afc29128e2a456d425ca0d17b173c888af2db652b1d34fe6f93d?s=96&d=mm&r=g","url":"https:\/\/secure.gravatar.com\/avatar\/1aa4d33840e2afc29128e2a456d425ca0d17b173c888af2db652b1d34fe6f93d?s=96&d=mm&r=g","height":96,"width":96}},"publisher":{"@type":"Organization","name":"istima.cz","logo":{"@type":"ImageObject","@id":"\/logo.png","url":"\/logo.png","width":600,"height":60}},"image":{"@type":"ImageObject","@id":"https:\/\/www.istima.cz\/wp-content\/uploads\/img_a359507_w1781_t1573396827.jpg","url":"https:\/\/www.istima.cz\/wp-content\/uploads\/img_a359507_w1781_t1573396827.jpg","height":0,"width":0},"keywords":null},{"@type":"Article","@id":"https:\/\/www.istima.cz\/kdyz-pohodli-tak-na-dostatecne-velke-posteli\/","headline":"Kdy\u017e pohodl\u00ed, tak na dostate\u010dn\u011b velk\u00e9 posteli","url":"https:\/\/www.istima.cz\/kdyz-pohodli-tak-na-dostatecne-velke-posteli\/","datePublished":"2018-11-11","dateModified":"2024-07-04","mainEntityOfPage":"https:\/\/www.istima.cz\/kdyz-pohodli-tak-na-dostatecne-velke-posteli\/","author":{"@type":"Person","@id":"https:\/\/www.istima.cz\/author\/devene\/#Person","name":"devene","url":"https:\/\/www.istima.cz\/author\/devene\/","identifier":1,"image":{"@type":"ImageObject","@id":"https:\/\/secure.gravatar.com\/avatar\/1aa4d33840e2afc29128e2a456d425ca0d17b173c888af2db652b1d34fe6f93d?s=96&d=mm&r=g","url":"https:\/\/secure.gravatar.com\/avatar\/1aa4d33840e2afc29128e2a456d425ca0d17b173c888af2db652b1d34fe6f93d?s=96&d=mm&r=g","height":96,"width":96}},"publisher":{"@type":"Organization","name":"istima.cz","logo":{"@type":"ImageObject","@id":"\/logo.png","url":"\/logo.png","width":600,"height":60}},"image":{"@type":"ImageObject","@id":"https:\/\/www.istima.cz\/wp-content\/uploads\/img_a333787_w1734_t1547237864.png","url":"https:\/\/www.istima.cz\/wp-content\/uploads\/img_a333787_w1734_t1547237864.png","height":0,"width":0},"keywords":null},{"@type":"Article","@id":"https:\/\/www.istima.cz\/dokonale-prikryti\/","headline":"Dokonal\u00e9 p\u0159ikryt\u00ed","url":"https:\/\/www.istima.cz\/dokonale-prikryti\/","datePublished":"2018-09-04","dateModified":"2023-04-30","mainEntityOfPage":"https:\/\/www.istima.cz\/dokonale-prikryti\/","author":{"@type":"Person","@id":"https:\/\/www.istima.cz\/author\/devene\/#Person","name":"devene","url":"https:\/\/www.istima.cz\/author\/devene\/","identifier":1,"image":{"@type":"ImageObject","@id":"https:\/\/secure.gravatar.com\/avatar\/1aa4d33840e2afc29128e2a456d425ca0d17b173c888af2db652b1d34fe6f93d?s=96&d=mm&r=g","url":"https:\/\/secure.gravatar.com\/avatar\/1aa4d33840e2afc29128e2a456d425ca0d17b173c888af2db652b1d34fe6f93d?s=96&d=mm&r=g","height":96,"width":96}},"publisher":{"@type":"Organization","name":"istima.cz","logo":{"@type":"ImageObject","@id":"\/logo.png","url":"\/logo.png","width":600,"height":60}},"image":{"@type":"ImageObject","@id":"https:\/\/www.istima.cz\/wp-content\/uploads\/img_a324266_w2661_t1536063667.jpg","url":"https:\/\/www.istima.cz\/wp-content\/uploads\/img_a324266_w2661_t1536063667.jpg","height":0,"width":0},"keywords":null},{"@type":"Article","@id":"https:\/\/www.istima.cz\/postel-pro-celou-rodinu\/","headline":"Postel pro celou rodinu","url":"https:\/\/www.istima.cz\/postel-pro-celou-rodinu\/","datePublished":"2018-01-12","dateModified":"2023-04-30","mainEntityOfPage":"https:\/\/www.istima.cz\/postel-pro-celou-rodinu\/","author":{"@type":"Person","@id":"https:\/\/www.istima.cz\/author\/devene\/#Person","name":"devene","url":"https:\/\/www.istima.cz\/author\/devene\/","identifier":1,"image":{"@type":"ImageObject","@id":"https:\/\/secure.gravatar.com\/avatar\/1aa4d33840e2afc29128e2a456d425ca0d17b173c888af2db652b1d34fe6f93d?s=96&d=mm&r=g","url":"https:\/\/secure.gravatar.com\/avatar\/1aa4d33840e2afc29128e2a456d425ca0d17b173c888af2db652b1d34fe6f93d?s=96&d=mm&r=g","height":96,"width":96}},"publisher":{"@type":"Organization","name":"istima.cz","logo":{"@type":"ImageObject","@id":"\/logo.png","url":"\/logo.png","width":600,"height":60}},"image":{"@type":"ImageObject","@id":"https:\/\/www.istima.cz\/wp-content\/uploads\/img_a309874_w2160_t1520855315.jpg","url":"https:\/\/www.istima.cz\/wp-content\/uploads\/img_a309874_w2160_t1520855315.jpg","height":0,"width":0},"keywords":null},{"@type":"Article","@id":"https:\/\/www.istima.cz\/na-levne-trampoline-neusetrite\/","headline":"Na levn\u00e9 trampol\u00edn\u011b neu\u0161et\u0159\u00edte","url":"https:\/\/www.istima.cz\/na-levne-trampoline-neusetrite\/","datePublished":"2017-10-08","dateModified":"2023-04-30","mainEntityOfPage":"https:\/\/www.istima.cz\/na-levne-trampoline-neusetrite\/","author":{"@type":"Person","@id":"https:\/\/www.istima.cz\/author\/devene\/#Person","name":"devene","url":"https:\/\/www.istima.cz\/author\/devene\/","identifier":1,"image":{"@type":"ImageObject","@id":"https:\/\/secure.gravatar.com\/avatar\/1aa4d33840e2afc29128e2a456d425ca0d17b173c888af2db652b1d34fe6f93d?s=96&d=mm&r=g","url":"https:\/\/secure.gravatar.com\/avatar\/1aa4d33840e2afc29128e2a456d425ca0d17b173c888af2db652b1d34fe6f93d?s=96&d=mm&r=g","height":96,"width":96}},"publisher":{"@type":"Organization","name":"istima.cz","logo":{"@type":"ImageObject","@id":"\/logo.png","url":"\/logo.png","width":600,"height":60}},"image":{"@type":"ImageObject","@id":"https:\/\/www.istima.cz\/wp-content\/uploads\/img_a302783_w2084_t1512722913.jpg","url":"https:\/\/www.istima.cz\/wp-content\/uploads\/img_a302783_w2084_t1512722913.jpg","height":0,"width":0},"keywords":null}]}